{"id":13791,"date":"2025-11-25T06:45:03","date_gmt":"2025-11-25T06:45:03","guid":{"rendered":"https:\/\/www.kopfprojekt.de\/blog\/?p=13791"},"modified":"2025-11-25T08:38:32","modified_gmt":"2025-11-25T07:38:32","slug":"nach-mir-die-sintflut-hab-ich-mir-wesentlich-dramatischer-vorgestellt-%f0%9f%90%95-aber-ist-schon-gut-ein-bisschen-haenge-ich-ja-auch-an-der-arbeit-und-freue-mich-wenns-ichs-g","status":"publish","type":"post","link":"https:\/\/www.kopfprojekt.de\/blog\/nach-mir-die-sintflut-hab-ich-mir-wesentlich-dramatischer-vorgestellt-%f0%9f%90%95-aber-ist-schon-gut-ein-bisschen-haenge-ich-ja-auch-an-der-arbeit-und-freue-mich-wenns-ichs-g\/","title":{"rendered":"&#034;Nach mir die Sintflut&#034; hab ich mir wesentlich dramatischer vorgestellt \ud83d\udc15 aber ist schon gut, ein bisschen h\u00e4nge ich ja auch an der Arbeit und freue mich wenn&#039;s ich&#039;s gut \u00fcbergeben bekomme. Der Countdown l\u00e4uft so langsam \ud83e\uddf3#kopfprojekt <a href=\"https:\/\/www.kopfprojekt.de\/blog\/tag\/blog\/\">#blog<\/a> <a href=\"https:\/\/www.kopfprojekt.de\/blog\/tag\/life\/\">#life<\/a> <a href=\"https:\/\/www.kopfprojekt.de\/blog\/tag\/diary\/\">#diary<\/a> <a href=\"https:\/\/www.kopfprojekt.de\/blog\/tag\/tagebuch\/\">#tagebuch<\/a> <a href=\"https:\/\/www.kopfprojekt.de\/blog\/tag\/zettelfan\/\">#zettelfan<\/a> <a href=\"https:\/\/www.kopfprojekt.de\/blog\/tag\/zeichnen\/\">#zeichnen<\/a> <a href=\"https:\/\/www.kopfprojekt.de\/blog\/tag\/zeichnung\/\">#zeichnung<\/a> <a href=\"https:\/\/www.kopfprojekt.de\/blog\/tag\/bildchen\/\">#bildchen<\/a> <a href=\"https:\/\/www.kopfprojekt.de\/blog\/tag\/skizze\/\">#skizze<\/a> <a href=\"https:\/\/www.kopfprojekt.de\/blog\/tag\/skribble\/\">#skribble<\/a> <a href=\"https:\/\/www.kopfprojekt.de\/blog\/tag\/scribble\/\">#scribble<\/a> <a href=\"https:\/\/www.kopfprojekt.de\/blog\/tag\/kritzelei\/\">#kritzelei<\/a> <a href=\"https:\/\/www.kopfprojekt.de\/blog\/tag\/comic\/\">#comic<\/a> <a href=\"https:\/\/www.kopfprojekt.de\/blog\/tag\/drawing\/\">#drawing<\/a> <a href=\"https:\/\/www.kopfprojekt.de\/blog\/tag\/illustration\/\">#illustration<\/a> <a href=\"https:\/\/www.kopfprojekt.de\/blog\/tag\/painting\/\">#painting<\/a> <a href=\"https:\/\/www.kopfprojekt.de\/blog\/tag\/artbook\/\">#artbook<\/a> <a href=\"https:\/\/www.kopfprojekt.de\/blog\/tag\/sketch\/\">#sketch<\/a> <a href=\"https:\/\/www.kopfprojekt.de\/blog\/tag\/sketchbook\/\">#sketchbook<\/a> <a href=\"https:\/\/www.kopfprojekt.de\/blog\/tag\/doodle\/\">#doodle<\/a> <a href=\"https:\/\/www.kopfprojekt.de\/blog\/tag\/draft\/\">#draft<\/a> <a href=\"https:\/\/www.kopfprojekt.de\/blog\/tag\/inkdrawing\/\">#inkdrawing<\/a>"},"content":{"rendered":"<p><img decoding=\"async\" src=\"https:\/\/www.kopfprojekt.de\/blog\/wp-content\/uploads\/2025\/11\/588553931_18087867392500446_7379223888964736629_n.jpg\"  alt=\"&#34;Nach mir die Sintflut&#34; hab ich mir wesentlich dramatischer vorgestellt \ud83d\udc15 aber ist schon gut, ein bisschen h\u00e4nge ich ja auch an der Arbeit und freue mich wenn&#39;s ich&#39;s gut \u00fcbergeben bekomme. Der Countdown l\u00e4uft so langsam \ud83e\uddf3#kopfprojekt #blog #life #diary #tagebuch #zettelfan #zeichnen #zeichnung #bildchen #skizze #skribble #scribble #kritzelei #comic #drawing #illustration #painting #artbook #sketch #sketchbook #doodle #draft #inkdrawing\"  \/><\/p>\n","protected":false},"excerpt":{"rendered":"","protected":false},"author":1,"featured_media":13792,"comment_status":"open","ping_status":"closed","sticky":false,"template":"","format":"standard","meta":{"footnotes":""},"categories":[1059],"tags":[1085,1076,136,1081,1073,1088,1089,1082,1083,1090,1080,1072,1084,1079,1086,1087,1077,1078,1074,964,965,1075],"class_list":["post-13791","post","type-post","status-publish","format-standard","has-post-thumbnail","hentry","category-zettel","tag-artbook","tag-bildchen","tag-blog","tag-comic","tag-diary","tag-doodle","tag-draft","tag-drawing","tag-illustration","tag-inkdrawing","tag-kritzelei","tag-life","tag-painting","tag-scribble","tag-sketch","tag-sketchbook","tag-skizze","tag-skribble","tag-tagebuch","tag-zeichnen","tag-zeichnung","tag-zettelfan"],"_links":{"self":[{"href":"https:\/\/www.kopfprojekt.de\/blog\/wp-json\/wp\/v2\/posts\/13791","targetHints":{"allow":["GET"]}}],"collection":[{"href":"https:\/\/www.kopfprojekt.de\/blog\/wp-json\/wp\/v2\/posts"}],"about":[{"href":"https:\/\/www.kopfprojekt.de\/blog\/wp-json\/wp\/v2\/types\/post"}],"author":[{"embeddable":true,"href":"https:\/\/www.kopfprojekt.de\/blog\/wp-json\/wp\/v2\/users\/1"}],"replies":[{"embeddable":true,"href":"https:\/\/www.kopfprojekt.de\/blog\/wp-json\/wp\/v2\/comments?post=13791"}],"version-history":[{"count":1,"href":"https:\/\/www.kopfprojekt.de\/blog\/wp-json\/wp\/v2\/posts\/13791\/revisions"}],"predecessor-version":[{"id":13793,"href":"https:\/\/www.kopfprojekt.de\/blog\/wp-json\/wp\/v2\/posts\/13791\/revisions\/13793"}],"wp:featuredmedia":[{"embeddable":true,"href":"https:\/\/www.kopfprojekt.de\/blog\/wp-json\/wp\/v2\/media\/13792"}],"wp:attachment":[{"href":"https:\/\/www.kopfprojekt.de\/blog\/wp-json\/wp\/v2\/media?parent=13791"}],"wp:term":[{"taxonomy":"category","embeddable":true,"href":"https:\/\/www.kopfprojekt.de\/blog\/wp-json\/wp\/v2\/categories?post=13791"},{"taxonomy":"post_tag","embeddable":true,"href":"https:\/\/www.kopfprojekt.de\/blog\/wp-json\/wp\/v2\/tags?post=13791"}],"curies":[{"name":"wp","href":"https:\/\/api.w.org\/{rel}","templated":true}]}}