{"id":13788,"date":"2025-11-24T06:45:39","date_gmt":"2025-11-24T06:45:39","guid":{"rendered":"https:\/\/www.kopfprojekt.de\/blog\/?p=13788"},"modified":"2025-11-24T14:31:34","modified_gmt":"2025-11-24T13:31:34","slug":"nach-einer-gluecklicherweise-kurzen-grippe-geht-es-vollgas-in-die-weihnachtszeit-die-wohnungen-wurde-bereits-professionell-ueber-mehrere-stunden-verwandelt-und-ich-muss-mich-wohl-auch-so-l","status":"publish","type":"post","link":"https:\/\/www.kopfprojekt.de\/blog\/nach-einer-gluecklicherweise-kurzen-grippe-geht-es-vollgas-in-die-weihnachtszeit-die-wohnungen-wurde-bereits-professionell-ueber-mehrere-stunden-verwandelt-und-ich-muss-mich-wohl-auch-so-l\/","title":{"rendered":"Nach einer gl\u00fccklicherweise kurzen Grippe, geht es Vollgas in die Weihnachtszeit. Die Wohnungen wurde bereits professionell \u00fcber mehrere Stunden &#34;verwandelt&#34; und ich muss mich wohl auch so langsam f\u00fcgen. \ud83e\udd8c\ufe0f#kopfprojekt <a href=\"https:\/\/www.kopfprojekt.de\/blog\/tag\/blog\/\">#blog<\/a> <a href=\"https:\/\/www.kopfprojekt.de\/blog\/tag\/life\/\">#life<\/a> <a href=\"https:\/\/www.kopfprojekt.de\/blog\/tag\/diary\/\">#diary<\/a> <a href=\"https:\/\/www.kopfprojekt.de\/blog\/tag\/tagebuch\/\">#tagebuch<\/a> <a href=\"https:\/\/www.kopfprojekt.de\/blog\/tag\/zettelfan\/\">#zettelfan<\/a> <a href=\"https:\/\/www.kopfprojekt.de\/blog\/tag\/zeichnen\/\">#zeichnen<\/a> <a href=\"https:\/\/www.kopfprojekt.de\/blog\/tag\/zeichnung\/\">#zeichnung<\/a> <a href=\"https:\/\/www.kopfprojekt.de\/blog\/tag\/bildchen\/\">#bildchen<\/a> <a href=\"https:\/\/www.kopfprojekt.de\/blog\/tag\/skizze\/\">#skizze<\/a> <a href=\"https:\/\/www.kopfprojekt.de\/blog\/tag\/skribble\/\">#skribble<\/a> <a href=\"https:\/\/www.kopfprojekt.de\/blog\/tag\/scribble\/\">#scribble<\/a> <a href=\"https:\/\/www.kopfprojekt.de\/blog\/tag\/kritzelei\/\">#kritzelei<\/a> <a href=\"https:\/\/www.kopfprojekt.de\/blog\/tag\/comic\/\">#comic<\/a> <a href=\"https:\/\/www.kopfprojekt.de\/blog\/tag\/drawing\/\">#drawing<\/a> <a href=\"https:\/\/www.kopfprojekt.de\/blog\/tag\/illustration\/\">#illustration<\/a> <a href=\"https:\/\/www.kopfprojekt.de\/blog\/tag\/painting\/\">#painting<\/a> <a href=\"https:\/\/www.kopfprojekt.de\/blog\/tag\/artbook\/\">#artbook<\/a> <a href=\"https:\/\/www.kopfprojekt.de\/blog\/tag\/sketch\/\">#sketch<\/a> <a href=\"https:\/\/www.kopfprojekt.de\/blog\/tag\/sketchbook\/\">#sketchbook<\/a> <a href=\"https:\/\/www.kopfprojekt.de\/blog\/tag\/doodle\/\">#doodle<\/a> <a href=\"https:\/\/www.kopfprojekt.de\/blog\/tag\/draft\/\">#draft<\/a> <a href=\"https:\/\/www.kopfprojekt.de\/blog\/tag\/inkdrawing\/\">#inkdrawing<\/a>"},"content":{"rendered":"<p><img decoding=\"async\" src=\"https:\/\/www.kopfprojekt.de\/blog\/wp-content\/uploads\/2025\/11\/588447857_18087768452500446_3259794068831107915_n.jpg\"  alt=\"Nach einer gl\u00fccklicherweise kurzen Grippe, geht es Vollgas in die Weihnachtszeit. Die Wohnungen wurde bereits professionell \u00fcber mehrere Stunden &#34;verwandelt&#34; und ich muss mich wohl auch so langsam f\u00fcgen. \ud83e\udd8c\ufe0f#kopfprojekt #blog #life #diary #tagebuch #zettelfan #zeichnen #zeichnung #bildchen #skizze #skribble #scribble #kritzelei #comic #drawing #illustration #painting #artbook #sketch #sketchbook #doodle #draft #inkdrawing\"  \/><\/p>\n","protected":false},"excerpt":{"rendered":"","protected":false},"author":1,"featured_media":13789,"comment_status":"open","ping_status":"closed","sticky":false,"template":"","format":"standard","meta":{"footnotes":""},"categories":[1059],"tags":[1085,1076,136,1081,1073,1088,1089,1082,1083,1090,1080,1072,1084,1079,1086,1087,1077,1078,1074,964,965,1075],"class_list":["post-13788","post","type-post","status-publish","format-standard","has-post-thumbnail","hentry","category-zettel","tag-artbook","tag-bildchen","tag-blog","tag-comic","tag-diary","tag-doodle","tag-draft","tag-drawing","tag-illustration","tag-inkdrawing","tag-kritzelei","tag-life","tag-painting","tag-scribble","tag-sketch","tag-sketchbook","tag-skizze","tag-skribble","tag-tagebuch","tag-zeichnen","tag-zeichnung","tag-zettelfan"],"_links":{"self":[{"href":"https:\/\/www.kopfprojekt.de\/blog\/wp-json\/wp\/v2\/posts\/13788","targetHints":{"allow":["GET"]}}],"collection":[{"href":"https:\/\/www.kopfprojekt.de\/blog\/wp-json\/wp\/v2\/posts"}],"about":[{"href":"https:\/\/www.kopfprojekt.de\/blog\/wp-json\/wp\/v2\/types\/post"}],"author":[{"embeddable":true,"href":"https:\/\/www.kopfprojekt.de\/blog\/wp-json\/wp\/v2\/users\/1"}],"replies":[{"embeddable":true,"href":"https:\/\/www.kopfprojekt.de\/blog\/wp-json\/wp\/v2\/comments?post=13788"}],"version-history":[{"count":1,"href":"https:\/\/www.kopfprojekt.de\/blog\/wp-json\/wp\/v2\/posts\/13788\/revisions"}],"predecessor-version":[{"id":13790,"href":"https:\/\/www.kopfprojekt.de\/blog\/wp-json\/wp\/v2\/posts\/13788\/revisions\/13790"}],"wp:featuredmedia":[{"embeddable":true,"href":"https:\/\/www.kopfprojekt.de\/blog\/wp-json\/wp\/v2\/media\/13789"}],"wp:attachment":[{"href":"https:\/\/www.kopfprojekt.de\/blog\/wp-json\/wp\/v2\/media?parent=13788"}],"wp:term":[{"taxonomy":"category","embeddable":true,"href":"https:\/\/www.kopfprojekt.de\/blog\/wp-json\/wp\/v2\/categories?post=13788"},{"taxonomy":"post_tag","embeddable":true,"href":"https:\/\/www.kopfprojekt.de\/blog\/wp-json\/wp\/v2\/tags?post=13788"}],"curies":[{"name":"wp","href":"https:\/\/api.w.org\/{rel}","templated":true}]}}