{"id":13721,"date":"2025-10-09T05:33:41","date_gmt":"2025-10-09T05:33:41","guid":{"rendered":"https:\/\/www.kopfprojekt.de\/blog\/?p=13721"},"modified":"2025-10-09T07:46:14","modified_gmt":"2025-10-09T05:46:14","slug":"na-toll-%f0%9f%98%95-so-war-das-nicht-geplant-gestern-waren-wir-auf-der-waage-leider-ist-cosmo-nicht-nur-alt-sondern-auch-fett-%f0%9f%90%96-das-wiegen-sollte-eigentlich-unser-letzter-schritt-werde","status":"publish","type":"post","link":"https:\/\/www.kopfprojekt.de\/blog\/na-toll-%f0%9f%98%95-so-war-das-nicht-geplant-gestern-waren-wir-auf-der-waage-leider-ist-cosmo-nicht-nur-alt-sondern-auch-fett-%f0%9f%90%96-das-wiegen-sollte-eigentlich-unser-letzter-schritt-werde\/","title":{"rendered":"Na toll \ud83d\ude15 so war das nicht geplant, gestern waren wir auf der Waage, leider ist Cosmo nicht nur Alt, sondern auch Fett \ud83d\udc16. Das wiegen sollte eigentlich unser letzter Schritt werden aber jetzt m\u00fcssen wir ernsthaft \u00fcberlegen wie wir das l\u00f6sen <a href=\"https:\/\/www.kopfprojekt.de\/blog\/tag\/altundfett\/\">#altundfett<\/a>"},"content":{"rendered":"<p><img decoding=\"async\" src=\"https:\/\/www.kopfprojekt.de\/blog\/wp-content\/uploads\/2025\/10\/562721507_18083160650500446_5841825485381606965_n.jpg\"  alt=\"Na toll \ud83d\ude15 so war das nicht geplant, gestern waren wir auf der Waage, leider ist Cosmo nicht nur Alt, sondern auch Fett \ud83d\udc16. Das wiegen sollte eigentlich unser letzter Schritt werden aber jetzt m\u00fcssen wir ernsthaft \u00fcberlegen wie wir das l\u00f6sen #altundfett\"  \/><\/p>\n","protected":false},"excerpt":{"rendered":"","protected":false},"author":1,"featured_media":13722,"comment_status":"open","ping_status":"closed","sticky":false,"template":"","format":"standard","meta":{"footnotes":""},"categories":[1059],"tags":[2880],"class_list":["post-13721","post","type-post","status-publish","format-standard","has-post-thumbnail","hentry","category-zettel","tag-altundfett"],"_links":{"self":[{"href":"https:\/\/www.kopfprojekt.de\/blog\/wp-json\/wp\/v2\/posts\/13721","targetHints":{"allow":["GET"]}}],"collection":[{"href":"https:\/\/www.kopfprojekt.de\/blog\/wp-json\/wp\/v2\/posts"}],"about":[{"href":"https:\/\/www.kopfprojekt.de\/blog\/wp-json\/wp\/v2\/types\/post"}],"author":[{"embeddable":true,"href":"https:\/\/www.kopfprojekt.de\/blog\/wp-json\/wp\/v2\/users\/1"}],"replies":[{"embeddable":true,"href":"https:\/\/www.kopfprojekt.de\/blog\/wp-json\/wp\/v2\/comments?post=13721"}],"version-history":[{"count":1,"href":"https:\/\/www.kopfprojekt.de\/blog\/wp-json\/wp\/v2\/posts\/13721\/revisions"}],"predecessor-version":[{"id":13723,"href":"https:\/\/www.kopfprojekt.de\/blog\/wp-json\/wp\/v2\/posts\/13721\/revisions\/13723"}],"wp:featuredmedia":[{"embeddable":true,"href":"https:\/\/www.kopfprojekt.de\/blog\/wp-json\/wp\/v2\/media\/13722"}],"wp:attachment":[{"href":"https:\/\/www.kopfprojekt.de\/blog\/wp-json\/wp\/v2\/media?parent=13721"}],"wp:term":[{"taxonomy":"category","embeddable":true,"href":"https:\/\/www.kopfprojekt.de\/blog\/wp-json\/wp\/v2\/categories?post=13721"},{"taxonomy":"post_tag","embeddable":true,"href":"https:\/\/www.kopfprojekt.de\/blog\/wp-json\/wp\/v2\/tags?post=13721"}],"curies":[{"name":"wp","href":"https:\/\/api.w.org\/{rel}","templated":true}]}}