{"id":13520,"date":"2025-05-27T05:57:24","date_gmt":"2025-05-27T05:57:24","guid":{"rendered":"https:\/\/www.kopfprojekt.de\/blog\/?p=13520"},"modified":"2025-05-27T08:24:32","modified_gmt":"2025-05-27T06:24:32","slug":"der-schock-ist-erst-mal-verdaut-und-ein-plan-gefasst-jetzt-heisst-es-aermel-hoch-und-dem-problem-direkt-ins-auge-schiessen-oder-so-kopfprojekt-luckyluke-blog-life-diary-tagebuch-zettelfan","status":"publish","type":"post","link":"https:\/\/www.kopfprojekt.de\/blog\/der-schock-ist-erst-mal-verdaut-und-ein-plan-gefasst-jetzt-heisst-es-aermel-hoch-und-dem-problem-direkt-ins-auge-schiessen-oder-so-kopfprojekt-luckyluke-blog-life-diary-tagebuch-zettelfan\/","title":{"rendered":"Der Schock ist erst mal verdaut und ein Plan gefasst. Jetzt hei\u00dft es \u00c4rmel hoch und dem Problem direkt ins Auge schie\u00dfen&#8230; oder so <a href=\"https:\/\/www.kopfprojekt.de\/blog\/tag\/kopfprojekt\/\">#kopfprojekt<\/a> <a href=\"https:\/\/www.kopfprojekt.de\/blog\/tag\/luckyluke\/\">#luckyluke<\/a> <a href=\"https:\/\/www.kopfprojekt.de\/blog\/tag\/blog\/\">#blog<\/a> <a href=\"https:\/\/www.kopfprojekt.de\/blog\/tag\/life\/\">#life<\/a> <a href=\"https:\/\/www.kopfprojekt.de\/blog\/tag\/diary\/\">#diary<\/a> <a href=\"https:\/\/www.kopfprojekt.de\/blog\/tag\/tagebuch\/\">#tagebuch<\/a> <a href=\"https:\/\/www.kopfprojekt.de\/blog\/tag\/zettelfan\/\">#zettelfan<\/a> <a href=\"https:\/\/www.kopfprojekt.de\/blog\/tag\/zeichnen\/\">#zeichnen<\/a> <a href=\"https:\/\/www.kopfprojekt.de\/blog\/tag\/zeichnung\/\">#zeichnung<\/a> <a href=\"https:\/\/www.kopfprojekt.de\/blog\/tag\/bildchen\/\">#bildchen<\/a> <a href=\"https:\/\/www.kopfprojekt.de\/blog\/tag\/skizze\/\">#skizze<\/a> <a href=\"https:\/\/www.kopfprojekt.de\/blog\/tag\/skribble\/\">#skribble<\/a> <a href=\"https:\/\/www.kopfprojekt.de\/blog\/tag\/scribble\/\">#scribble<\/a> <a href=\"https:\/\/www.kopfprojekt.de\/blog\/tag\/kritzelei\/\">#kritzelei<\/a> <a href=\"https:\/\/www.kopfprojekt.de\/blog\/tag\/comic\/\">#comic<\/a> <a href=\"https:\/\/www.kopfprojekt.de\/blog\/tag\/drawing\/\">#drawing<\/a> <a href=\"https:\/\/www.kopfprojekt.de\/blog\/tag\/illustration\/\">#illustration<\/a> <a href=\"https:\/\/www.kopfprojekt.de\/blog\/tag\/painting\/\">#painting<\/a> <a href=\"https:\/\/www.kopfprojekt.de\/blog\/tag\/artbook\/\">#artbook<\/a> <a href=\"https:\/\/www.kopfprojekt.de\/blog\/tag\/sketch\/\">#sketch<\/a> <a href=\"https:\/\/www.kopfprojekt.de\/blog\/tag\/sketchbook\/\">#sketchbook<\/a> <a href=\"https:\/\/www.kopfprojekt.de\/blog\/tag\/doodle\/\">#doodle<\/a> <a href=\"https:\/\/www.kopfprojekt.de\/blog\/tag\/draft\/\">#draft<\/a> <a href=\"https:\/\/www.kopfprojekt.de\/blog\/tag\/inkdrawing\/\">#inkdrawing<\/a>"},"content":{"rendered":"<p><img decoding=\"async\" src=\"https:\/\/www.kopfprojekt.de\/blog\/wp-content\/uploads\/2025\/05\/501011060_18067054949500446_975651584714828554_n.jpg\"  alt=\"Der Schock ist erst mal verdaut und ein Plan gefasst. Jetzt hei\u00dft es \u00c4rmel hoch und dem Problem direkt ins Auge schie\u00dfen... oder so #kopfprojekt #luckyluke #blog #life #diary #tagebuch #zettelfan #zeichnen #zeichnung #bildchen #skizze #skribble #scribble #kritzelei #comic #drawing #illustration #painting #artbook #sketch #sketchbook #doodle #draft #inkdrawing\"  \/><\/p>\n","protected":false},"excerpt":{"rendered":"","protected":false},"author":1,"featured_media":13521,"comment_status":"open","ping_status":"closed","sticky":false,"template":"","format":"standard","meta":{"footnotes":""},"categories":[1059],"tags":[1085,1076,136,1081,1073,1088,1089,1082,1083,1090,479,1080,1072,2849,1084,1079,1086,1087,1077,1078,1074,964,965,1075],"class_list":["post-13520","post","type-post","status-publish","format-standard","has-post-thumbnail","hentry","category-zettel","tag-artbook","tag-bildchen","tag-blog","tag-comic","tag-diary","tag-doodle","tag-draft","tag-drawing","tag-illustration","tag-inkdrawing","tag-kopfprojekt","tag-kritzelei","tag-life","tag-luckyluke","tag-painting","tag-scribble","tag-sketch","tag-sketchbook","tag-skizze","tag-skribble","tag-tagebuch","tag-zeichnen","tag-zeichnung","tag-zettelfan"],"_links":{"self":[{"href":"https:\/\/www.kopfprojekt.de\/blog\/wp-json\/wp\/v2\/posts\/13520","targetHints":{"allow":["GET"]}}],"collection":[{"href":"https:\/\/www.kopfprojekt.de\/blog\/wp-json\/wp\/v2\/posts"}],"about":[{"href":"https:\/\/www.kopfprojekt.de\/blog\/wp-json\/wp\/v2\/types\/post"}],"author":[{"embeddable":true,"href":"https:\/\/www.kopfprojekt.de\/blog\/wp-json\/wp\/v2\/users\/1"}],"replies":[{"embeddable":true,"href":"https:\/\/www.kopfprojekt.de\/blog\/wp-json\/wp\/v2\/comments?post=13520"}],"version-history":[{"count":1,"href":"https:\/\/www.kopfprojekt.de\/blog\/wp-json\/wp\/v2\/posts\/13520\/revisions"}],"predecessor-version":[{"id":13522,"href":"https:\/\/www.kopfprojekt.de\/blog\/wp-json\/wp\/v2\/posts\/13520\/revisions\/13522"}],"wp:featuredmedia":[{"embeddable":true,"href":"https:\/\/www.kopfprojekt.de\/blog\/wp-json\/wp\/v2\/media\/13521"}],"wp:attachment":[{"href":"https:\/\/www.kopfprojekt.de\/blog\/wp-json\/wp\/v2\/media?parent=13520"}],"wp:term":[{"taxonomy":"category","embeddable":true,"href":"https:\/\/www.kopfprojekt.de\/blog\/wp-json\/wp\/v2\/categories?post=13520"},{"taxonomy":"post_tag","embeddable":true,"href":"https:\/\/www.kopfprojekt.de\/blog\/wp-json\/wp\/v2\/tags?post=13520"}],"curies":[{"name":"wp","href":"https:\/\/api.w.org\/{rel}","templated":true}]}}