{"id":11490,"date":"2024-01-02T06:35:01","date_gmt":"2024-01-02T06:35:01","guid":{"rendered":"https:\/\/www.kopfprojekt.de\/blog\/?p=11490"},"modified":"2024-01-15T14:18:02","modified_gmt":"2024-01-15T13:18:02","slug":"auf-gehts-2024-mein-tierzeichen-fuer-dieses-jahr-ist-die-schildkroete-na-da-wollen-wir-doch-mal-schauen-was-das-schaetzchen-so-kann-kopfprojekt-blog-life-diary-tagebuch-zettelfan-ze","status":"publish","type":"post","link":"https:\/\/www.kopfprojekt.de\/blog\/auf-gehts-2024-mein-tierzeichen-fuer-dieses-jahr-ist-die-schildkroete-na-da-wollen-wir-doch-mal-schauen-was-das-schaetzchen-so-kann-kopfprojekt-blog-life-diary-tagebuch-zettelfan-ze\/","title":{"rendered":"Auf geht&#39;s #2024 &#8211; mein Tierzeichen f\u00fcr dieses Jahr ist die <a href=\"https:\/\/www.kopfprojekt.de\/blog\/tag\/schildkroete\/\">#schildkr\u00f6te<\/a>. Na, da wollen wir doch Mal schauen was das Sch\u00e4tzchen so kann! <a href=\"https:\/\/www.kopfprojekt.de\/blog\/tag\/kopfprojekt\/\">#kopfprojekt<\/a> <a href=\"https:\/\/www.kopfprojekt.de\/blog\/tag\/blog\/\">#blog<\/a> <a href=\"https:\/\/www.kopfprojekt.de\/blog\/tag\/life\/\">#life<\/a> <a href=\"https:\/\/www.kopfprojekt.de\/blog\/tag\/diary\/\">#diary<\/a> <a href=\"https:\/\/www.kopfprojekt.de\/blog\/tag\/tagebuch\/\">#tagebuch<\/a> <a href=\"https:\/\/www.kopfprojekt.de\/blog\/tag\/zettelfan\/\">#zettelfan<\/a> <a href=\"https:\/\/www.kopfprojekt.de\/blog\/tag\/zeichnen\/\">#zeichnen<\/a> <a href=\"https:\/\/www.kopfprojekt.de\/blog\/tag\/zeichnung\/\">#zeichnung<\/a> <a href=\"https:\/\/www.kopfprojekt.de\/blog\/tag\/bildchen\/\">#bildchen<\/a> <a href=\"https:\/\/www.kopfprojekt.de\/blog\/tag\/skizze\/\">#skizze<\/a> <a href=\"https:\/\/www.kopfprojekt.de\/blog\/tag\/skribble\/\">#skribble<\/a> <a href=\"https:\/\/www.kopfprojekt.de\/blog\/tag\/scribble\/\">#scribble<\/a> <a href=\"https:\/\/www.kopfprojekt.de\/blog\/tag\/kritzelei\/\">#kritzelei<\/a> <a href=\"https:\/\/www.kopfprojekt.de\/blog\/tag\/comic\/\">#comic<\/a> <a href=\"https:\/\/www.kopfprojekt.de\/blog\/tag\/drawing\/\">#drawing<\/a> <a href=\"https:\/\/www.kopfprojekt.de\/blog\/tag\/illustration\/\">#illustration<\/a> <a href=\"https:\/\/www.kopfprojekt.de\/blog\/tag\/painting\/\">#painting<\/a> <a href=\"https:\/\/www.kopfprojekt.de\/blog\/tag\/artbook\/\">#artbook<\/a> <a href=\"https:\/\/www.kopfprojekt.de\/blog\/tag\/sketch\/\">#sketch<\/a> <a href=\"https:\/\/www.kopfprojekt.de\/blog\/tag\/sketchbook\/\">#sketchbook<\/a> <a href=\"https:\/\/www.kopfprojekt.de\/blog\/tag\/doodle\/\">#doodle<\/a> <a href=\"https:\/\/www.kopfprojekt.de\/blog\/tag\/draft\/\">#draft<\/a> <a href=\"https:\/\/www.kopfprojekt.de\/blog\/tag\/inkdrawing\/\">#inkdrawing<\/a>"},"content":{"rendered":"<p><img decoding=\"async\" src=\"https:\/\/www.kopfprojekt.de\/blog\/wp-content\/uploads\/2024\/01\/416619996_2650708341742880_6172276462895505563_n.jpg\"  alt=\"Auf geht&#39;s #2024 - mein Tierzeichen f\u00fcr dieses Jahr ist die #schildkr\u00f6te. Na, da wollen wir doch Mal schauen was das Sch\u00e4tzchen so kann! #kopfprojekt #blog #life #diary #tagebuch #zettelfan #zeichnen #zeichnung #bildchen #skizze #skribble #scribble #kritzelei #comic #drawing #illustration #painting #artbook #sketch #sketchbook #doodle #draft #inkdrawing\"  \/><\/p>\n","protected":false},"excerpt":{"rendered":"","protected":false},"author":1,"featured_media":11491,"comment_status":"open","ping_status":"open","sticky":false,"template":"","format":"standard","meta":{"footnotes":""},"categories":[1059],"tags":[1085,1076,136,1081,1073,1088,1089,1082,1083,1090,479,1080,1072,1084,2438,1079,1086,1087,1077,1078,1074,964,965,1075],"class_list":["post-11490","post","type-post","status-publish","format-standard","has-post-thumbnail","hentry","category-zettel","tag-artbook","tag-bildchen","tag-blog","tag-comic","tag-diary","tag-doodle","tag-draft","tag-drawing","tag-illustration","tag-inkdrawing","tag-kopfprojekt","tag-kritzelei","tag-life","tag-painting","tag-schildkroete","tag-scribble","tag-sketch","tag-sketchbook","tag-skizze","tag-skribble","tag-tagebuch","tag-zeichnen","tag-zeichnung","tag-zettelfan"],"_links":{"self":[{"href":"https:\/\/www.kopfprojekt.de\/blog\/wp-json\/wp\/v2\/posts\/11490","targetHints":{"allow":["GET"]}}],"collection":[{"href":"https:\/\/www.kopfprojekt.de\/blog\/wp-json\/wp\/v2\/posts"}],"about":[{"href":"https:\/\/www.kopfprojekt.de\/blog\/wp-json\/wp\/v2\/types\/post"}],"author":[{"embeddable":true,"href":"https:\/\/www.kopfprojekt.de\/blog\/wp-json\/wp\/v2\/users\/1"}],"replies":[{"embeddable":true,"href":"https:\/\/www.kopfprojekt.de\/blog\/wp-json\/wp\/v2\/comments?post=11490"}],"version-history":[{"count":1,"href":"https:\/\/www.kopfprojekt.de\/blog\/wp-json\/wp\/v2\/posts\/11490\/revisions"}],"predecessor-version":[{"id":11492,"href":"https:\/\/www.kopfprojekt.de\/blog\/wp-json\/wp\/v2\/posts\/11490\/revisions\/11492"}],"wp:featuredmedia":[{"embeddable":true,"href":"https:\/\/www.kopfprojekt.de\/blog\/wp-json\/wp\/v2\/media\/11491"}],"wp:attachment":[{"href":"https:\/\/www.kopfprojekt.de\/blog\/wp-json\/wp\/v2\/media?parent=11490"}],"wp:term":[{"taxonomy":"category","embeddable":true,"href":"https:\/\/www.kopfprojekt.de\/blog\/wp-json\/wp\/v2\/categories?post=11490"},{"taxonomy":"post_tag","embeddable":true,"href":"https:\/\/www.kopfprojekt.de\/blog\/wp-json\/wp\/v2\/tags?post=11490"}],"curies":[{"name":"wp","href":"https:\/\/api.w.org\/{rel}","templated":true}]}}